{"id":370,"date":"2015-10-05T03:16:09","date_gmt":"2015-10-05T03:16:09","guid":{"rendered":"http:\/\/www.carp-omenia.ro\/?p=370"},"modified":"2015-10-05T03:21:20","modified_gmt":"2015-10-05T03:21:20","slug":"de-1-octombrie-ziua-internationala-a-persoanelor-varstnice-asociatia-carp-omenia-bucuresti-si-a-sarbatorit-seniorii","status":"publish","type":"post","link":"https:\/\/www.carp-omenia.ro\/index.php\/2015\/10\/05\/de-1-octombrie-ziua-internationala-a-persoanelor-varstnice-asociatia-carp-omenia-bucuresti-si-a-sarbatorit-seniorii\/","title":{"rendered":"De 1 octombrie, Ziua Interna\u021bional\u0103 a Persoanelor V\u00e2rstnice Asocia\u021bia CARP \u201cOMENIA\u201d Bucure\u0219ti \u0219i-a s\u0103rb\u0103torit seniorii"},"content":{"rendered":"<p style=\"text-align: justify;\">Trecut\u0103 \u00een calendarul Organiza\u021biei Na\u021biunilor Unite, ziua de 1 octombrie reprezint\u0103 s\u0103rb\u0103torirea persoanelor v\u00e2rstnice, prilej cu care trebuie s\u0103 ne amintim, m\u0103car odat\u0103 pe an, de cei care au f\u0103urit societatea modern\u0103, cei care au muncit o via\u021b\u0103 \u00eentreag\u0103, uneori \u00een condi\u021bii vitrege, au luptat \u0219i au \u00eendurat sper\u00e2nd la o via\u021b\u0103 mai bun\u0103 \u0219i la o b\u0103tr\u00e2ne\u021be lipsit\u0103 de griji, \u00eentr-un cuv\u00e2nt, cei care ne-au \u00eenv\u0103\u021bat s\u0103 fim Oameni, \u0219i ce reprezint\u0103 Omenia. Dar cum recuno\u0219tin\u021ba \u0219i compasiunea fa\u021b\u0103 de ei este o floare din ce \u00een ce mai rar\u0103, Asocia\u021bia Casa de Ajuror Reciproc a Pensionarilor \u201cOMENIA\u201d din Bucure\u0219ti, este excep\u021bia de la regul\u0103.<\/p>\n<p style=\"text-align: justify;\">CARP OMENIA care num\u0103r\u0103 \u00een prezent peste 41.500 de membri, este una dintre cele mai mari asocia\u021bii de pensionari din Bucure\u0219ti \u0219i din \u021bar\u0103. Cu toate c\u0103, Federa\u021bia Na\u021bional\u0103 \u201cOMENIA\u201d a Caselor de Ajutor Reciproc ale Pensionarilor din Rom\u00e2nia, cu peste 1.400.000 de membri, a fost exclus\u0103 arbitrar \u0219i meschin din Consiliul Na\u021bional al Persoanelor V\u00e2rstnice, consiliu care aloc\u0103 o sum\u0103 de bani de la Ministerul Muncii, Familiei, Protec\u021biei Sociale \u0219i Persoanelor V\u00e2rstnice pentru organizarea zilei de 1 octombrie, Asocia\u021bia CARP OMENIA, care face parte din aceast\u0103 federa\u021bie a reu\u0219it, prin pu\u021binul pe care \u00eel are \u0219i cu ajutorul partenerilor, s\u0103-i s\u0103rb\u0103toreasc\u0103 cum se cuvine pe membrii s\u0103i, \u201eoameni admirabili \u0219i mode\u0219ti, care din demnitate nu cere\u021bi prea mult, dar ave\u021bi nevoie cel pu\u021bin de recunoa\u0219tere, respect \u0219i o f\u0103r\u00e2m\u0103 de aten\u021bie\u201d, cum \u00eei caracteriza pre\u0219edintele Gheorghe Chioaru, \u00een urm\u0103 cu ceva vreme, \u00een prag de s\u0103rb\u0103torire a zilei de 1 octombrie.<\/p>\n<p style=\"text-align: justify;\">Asocia\u021bia CARP Omenia, Str. Amurgului nr 53, sector 5, Bucure\u0219ti, nu s-a dezis nici anul acesta, organiz\u00e2nd \u0219i preg\u0103tind din timp ac\u021biuni admirabile. S\u0103rb\u0103torirea zilei de 1 octombrie s-a f\u0103cut printr-o serie de manifest\u0103ri cu \u0219i pentru seniorii no\u0219tri, \u00een cadrul c\u0103rora le-am ar\u0103tat respectul pe care \u00eel merit\u0103 \u0219i le-am oferit c\u00e2teva clipe de alinare, precum \u0219i sentimentul c\u0103 apar\u021bin unei comunit\u0103\u021bi c\u0103reia \u00eei pas\u0103 de grijile, problemele \u0219i fr\u0103m\u00e2nt\u0103rile lor.<\/p>\n<p style=\"text-align: justify;\">\u00cen acest demers i-am avut parteneri pe Crucea Ro\u0219ie filiala sector 5 Bucure\u0219ti, United Way Romania, Asocia\u021bia Na\u021bional\u0103 pentru Protec\u021bia Consumatorilor \u0219i Promovarea Programelor \u0219i Strategiilor din Rom\u00e2nia, SC Velpitar SA Bucure\u0219ti, SC Wesound \u2013 testare audio, farmaciile Catena. Astfel, la Centrul de zi al Asocia\u021biei CARP Omenia, Str. Oltului, nr. 4, sector 5, au avut loc \u00een luna septembrie, culmin\u00e2nd cu data de 1 octombrie, o serie de ac\u021biuni destinate pensionarilor, dup\u0103 cum urmeaz\u0103: organizarea de mini expozi\u021bii cu produsele lucrate manual \u00een cadrul cercului de \u201eM\u00e2ini \u00eendem\u00e2natice\u201d, activit\u0103\u021bi de socializare, creativitate, test\u0103ri medicale gratuite, distribuirea de ajutoare const\u00e2nd \u00een pachete cu alimente, dar \u0219i acordarea de ajutoare financiare.<\/p>\n<p style=\"text-align: justify;\">Programul festiv dedicat zilei de 1 octombrie, unde au fost s\u0103rb\u0103tori\u021bi peste 500 de seniori din Bucure\u0219ti \u0219i provincie, a debutat, la Centrul de zi \u2013 care a devenit ne\u00eec\u0103p\u0103tor- cu mesajele pre\u0219edintelui Asocia\u021biei CARP OMENIA \u0219i ale invita\u021bilor de onoare. \u0218i, cum se cuvine la o zi mare, au fost \u0219i momente artistice deosebite, sus\u021binute de Corul Centrului de zi Omenia, culmin\u00e2nd cu recitalul distinsei soliste Elena Ionescu Mateescu din parte ansamblului Ciocarlia al MAI. De asemenea, compasiunea \u0219i respectul fa\u021b\u0103 de v\u00e2rstnicii no\u0219tri au fost exprimate \u0219i prin acordarea de diplome de onoare. Nu este o premier\u0103, astfel de demersuri Asocia\u021bia CARP OMENIA le face \u00een fiecare an de fiecare dat\u0103, pentru c\u0103 \u00ee\u0219i respect\u0103 numele, devenit acum un brand na\u021bional. Pachetele oferite v\u00e2rstnicilor au constat \u00een alimente \u0219i medicamente, respectiv un kilogram de zah\u0103r, orez, f\u0103in\u0103, m\u0103lai, un litru de ulei, un cozonac \u0219i un bonus. C\u00e2te o pung\u0103 cu struguri din produc\u021bia proprie a Centrului de zi.<\/p>\n<p style=\"text-align: justify;\">De\u0219i cadrul festiv a mai descre\u021bit un pic frun\u021bile pensionarilor, problemele r\u0103m\u00e2n \u0219i se acutizeaz\u0103, cum de altfel a subliniat \u0219i pre\u0219edintele CARP OMENIA Bucure\u0219ti, dl. Ing. Gheorghe Chioaru : \u201e\u00cen ultimii trei ani situa\u021bia pensionarilor s-a deteriorat rapid. Sunt total nemul\u021bumit de felul \u00een care Ministerul Muncii, Familiei, Protec\u021biei Sociale \u0219i Persoanelor V\u00e2rstnice, prin doamna ministru Rovana Plumb, se preocup\u0103 de pensionari, mai bine spus nu se ocup\u0103. Sunt foarte mul\u0163i v\u00e2rstnici am\u0103r\u00e2\u0163i. Conform datelor Institutului Na\u021bional de Statistic\u0103, din totalul de 5,3 milioane de pensionari din Rom\u00e2nia, peste 2,4 milioane tr\u0103iesc cu pensii sub 800 de lei\u201d. Realitatea este tragic\u0103, a concluzionat pre\u0219edintele Gheorghe Chioaru, cer\u00e2nd, imperativ, ca autorit\u0103\u021bile s\u0103 creasc\u0103 valoarea pensiilor.<\/p>\n<p style=\"text-align: justify;\"><a href=\"https:\/\/www.carp-omenia.ro\/wp-content\/uploads\/2015\/10\/IMG_3323-e1444015110606.jpg\"><img decoding=\"async\" class=\"alignnone wp-image-371 size-medium\" src=\"https:\/\/www.carp-omenia.ro\/wp-content\/uploads\/2015\/10\/IMG_3323-e1444015110606-200x300.jpg\" alt=\"IMG_3323\" width=\"200\" height=\"300\" srcset=\"https:\/\/www.carp-omenia.ro\/wp-content\/uploads\/2015\/10\/IMG_3323-e1444015110606-200x300.jpg 200w, https:\/\/www.carp-omenia.ro\/wp-content\/uploads\/2015\/10\/IMG_3323-e1444015110606-683x1024.jpg 683w\" sizes=\"(max-width: 200px) 100vw, 200px\" \/><\/a><\/p>\n","protected":false},"excerpt":{"rendered":"<p>Trecut\u0103 \u00een calendarul Organiza\u021biei Na\u021biunilor Unite, ziua de 1 octombrie  [&#8230;]<\/p>\n","protected":false},"author":1,"featured_media":372,"comment_status":"closed","ping_status":"closed","sticky":false,"template":"","format":"standard","meta":{"_monsterinsights_skip_tracking":false,"_monsterinsights_sitenote_active":false,"_monsterinsights_sitenote_note":"","_monsterinsights_sitenote_category":0,"footnotes":""},"categories":[1],"tags":[],"class_list":["post-370","post","type-post","status-publish","format-standard","has-post-thumbnail","hentry","category-stiri"],"_links":{"self":[{"href":"https:\/\/www.carp-omenia.ro\/index.php\/wp-json\/wp\/v2\/posts\/370","targetHints":{"allow":["GET"]}}],"collection":[{"href":"https:\/\/www.carp-omenia.ro\/index.php\/wp-json\/wp\/v2\/posts"}],"about":[{"href":"https:\/\/www.carp-omenia.ro\/index.php\/wp-json\/wp\/v2\/types\/post"}],"author":[{"embeddable":true,"href":"https:\/\/www.carp-omenia.ro\/index.php\/wp-json\/wp\/v2\/users\/1"}],"replies":[{"embeddable":true,"href":"https:\/\/www.carp-omenia.ro\/index.php\/wp-json\/wp\/v2\/comments?post=370"}],"version-history":[{"count":4,"href":"https:\/\/www.carp-omenia.ro\/index.php\/wp-json\/wp\/v2\/posts\/370\/revisions"}],"predecessor-version":[{"id":376,"href":"https:\/\/www.carp-omenia.ro\/index.php\/wp-json\/wp\/v2\/posts\/370\/revisions\/376"}],"wp:featuredmedia":[{"embeddable":true,"href":"https:\/\/www.carp-omenia.ro\/index.php\/wp-json\/wp\/v2\/media\/372"}],"wp:attachment":[{"href":"https:\/\/www.carp-omenia.ro\/index.php\/wp-json\/wp\/v2\/media?parent=370"}],"wp:term":[{"taxonomy":"category","embeddable":true,"href":"https:\/\/www.carp-omenia.ro\/index.php\/wp-json\/wp\/v2\/categories?post=370"},{"taxonomy":"post_tag","embeddable":true,"href":"https:\/\/www.carp-omenia.ro\/index.php\/wp-json\/wp\/v2\/tags?post=370"}],"curies":[{"name":"wp","href":"https:\/\/api.w.org\/{rel}","templated":true}]}}